{"id":1566,"date":"2025-02-18T16:49:59","date_gmt":"2025-02-18T15:49:59","guid":{"rendered":"https:\/\/messageriesdelapaix.org\/?p=1566"},"modified":"2025-02-18T16:49:59","modified_gmt":"2025-02-18T15:49:59","slug":"lettre-de-liaison-n131-22-juillet-2024","status":"publish","type":"post","link":"https:\/\/messageriesdelapaix.org\/index.php\/2025\/02\/18\/lettre-de-liaison-n131-22-juillet-2024\/","title":{"rendered":"Lettre de Liaison n\u00b0131 &#8211; 22 juillet 2024"},"content":{"rendered":"\n<figure class=\"wp-block-table\"><table class=\"has-fixed-layout\"><tbody><tr><td><figure><img decoding=\"async\" width=\"250\" height=\"167\" alt=\"C:\\Users\\Utilisateur\\Documents\\LDL-NEWSLETTERS\\LdL 131\\Peace Lines 1 - Copie.jpg\" src=\"http:\/\/messageriesdelapaix.org\/wp-content\/uploads\/2025\/02\/c-users-utilisateur-documents-ldl-newsletters-ldl-3.jpeg\" class=\"wp-image-1567\"><\/figure><p>\n  \n<\/p><p>\n  \u00ab&nbsp;<strong>Peace Lines<\/strong>&nbsp;\u00bb en Irlande\n<\/p><p>\n  34 km de murs de 8 m\u00e8tres\n<\/p><p>\n  pour s\u00e9parer les uns des autres\n<\/p><\/td><td><p>\n  PEACE LINES\n<\/p><p>\n  MESSAGERIES\n<\/p><p>\n  DE LA PAIX\n<\/p><p><a href=\"http:\/\/www.peacelines.org\" target=\"_blank\" rel=\"noopener\"><strong>www.peacelines.org<\/strong><\/a>\n<\/p><p><a href=\"mailto:peacelines@free.fr\"><strong>peacelines@gmail.com<\/strong><\/a>\n<\/p><\/td><td><figure><img fetchpriority=\"high\" decoding=\"async\" width=\"300\" height=\"168\" alt=\"C:\\Users\\Utilisateur\\Documents\\LDL-NEWSLETTERS\\LdL 131\\Alex 2.jpg\" src=\"http:\/\/messageriesdelapaix.org\/wp-content\/uploads\/2025\/02\/c-users-utilisateur-documents-ldl-newsletters-ldl-4.jpeg\" class=\"wp-image-1568\"><\/figure><p>\n  \n<\/p><p><strong>Alex Dancyg<\/strong>, 1948-2024\n<\/p><\/td><\/tr><\/tbody><\/table><\/figure>\n\n\n\n<h2 class=\"wp-block-heading has-text-align-center\">\n  Lettre de Liaison n\u00b0131\n<\/h2>\n\n\n\n<h3 class=\"wp-block-heading has-text-align-center\">\n  22 juillet 2024\n<\/h3>\n\n\n\n<p><strong>Et si on pensait au bonheur, un peu. Au bonheur, malgr\u00e9 tout.<\/strong>\n<\/p>\n\n\n\n<p>\n  Malgr\u00e9 tout&nbsp;: nous apprenons, ce 22 juillet, la mort en captivit\u00e9 d\u2019Alex Dancyg. Il aurait eu soixante-seize ans hier. Probablement tu\u00e9&nbsp;par l\u2019arm\u00e9e, en f\u00e9vrier-mars. De Gaza aussi, la lettre poignante de Maram Huma\u00efd, pour le premier anniversaire de son fils, entre joie et <em>sorrow<\/em>. <a href=\"http:\/\/www.peacelines.org\/media-must-read-2024-c33425223\" target=\"_blank\" rel=\"noopener\">http:\/\/www.peacelines.org\/media-must-read-2024-c33425223<\/a>\n<\/p>\n\n\n\n<p>\n  Malgr\u00e9 tout&nbsp;: nous avons commenc\u00e9&nbsp;l\u2019ann\u00e9e 2024 avec un budget de 1.534 \u20ac. Nous avons fait parvenir 2.200 \u20ac \u00e0 nos familles amies de Gaza. Il nous reste un euro en caisse.\n<\/p>\n\n\n\n<figure class=\"wp-block-image\"><img decoding=\"async\" width=\"1113\" height=\"1115\" src=\"http:\/\/messageriesdelapaix.org\/wp-content\/uploads\/2025\/02\/c-users-utilisateur-documents-ldl-newsletters-ldl-5.jpeg\" alt=\"C:\\Users\\Utilisateur\\Documents\\LDL-NEWSLETTERS\\LdL 131\\Happiness.jpeg\" class=\"wp-image-1569\" srcset=\"https:\/\/messageriesdelapaix.org\/wp-content\/uploads\/2025\/02\/c-users-utilisateur-documents-ldl-newsletters-ldl-5.jpeg 1113w, https:\/\/messageriesdelapaix.org\/wp-content\/uploads\/2025\/02\/c-users-utilisateur-documents-ldl-newsletters-ldl-5-300x300.jpeg 300w, https:\/\/messageriesdelapaix.org\/wp-content\/uploads\/2025\/02\/c-users-utilisateur-documents-ldl-newsletters-ldl-5-1022x1024.jpeg 1022w, https:\/\/messageriesdelapaix.org\/wp-content\/uploads\/2025\/02\/c-users-utilisateur-documents-ldl-newsletters-ldl-5-150x150.jpeg 150w, https:\/\/messageriesdelapaix.org\/wp-content\/uploads\/2025\/02\/c-users-utilisateur-documents-ldl-newsletters-ldl-5-768x769.jpeg 768w\" sizes=\"(max-width: 1113px) 100vw, 1113px\" \/><\/figure>\n\n\n\n<p><\/p>\n\n\n\n<p>\n  Le bonheur, malgr\u00e9 tout&nbsp;? Ici, on tourne le robinet, coulent \u00e0 volont\u00e9 eau chaude, eau froide.\n<\/p>\n\n\n\n<p>\n  L\u00e0-bas, dans les camps de personnes d\u00e9plac\u00e9es, et re-d\u00e9plac\u00e9es, \u00e0 Gaza, il n\u2019y a pas d\u2019eau potable ou non potable au robinet. La chaleur de juillet est \u00e9touffante. \u00ab&nbsp;On survit dans des conditions extr\u00eamement difficiles, sans acc\u00e8s au net&nbsp;\u00bb. C\u2019est le dernier message re\u00e7u de notre ami depuis quinze ans, le Dr Massoud, le 8 juillet. Chaque jour, ici, on scanne les nouvelles de l\u00e0-bas, esp\u00e9rant tr\u00e8s fort que des op\u00e9rations militaires n\u2019aient pas frapp\u00e9 nos amis.\n<\/p>\n\n\n\n<p>\n  L\u2019argent qui nous restait en caisse, nous l\u2019avons envoy\u00e9, en plusieurs virements, compl\u00e9t\u00e9 par des dons parvenus cet hiver, \u00e0 Massoud, et aux familles qui d\u00e9pendent de lui. Massoud enseignait la litt\u00e9rature anglaise \u00e0 l\u2019universit\u00e9. Il n\u2019a re\u00e7u aucun salaire depuis l\u2019\u00e9t\u00e9 2023. Il va sans dire qu\u2019il ne fait pas partie du Hamas, ni d\u2019aucun mouvement de lutte arm\u00e9e.\n<\/p>\n\n\n\n<p>\n  Comme il nous reste 1 euro en caisse (99 centimes pour \u00eatre pr\u00e9cis), et que nos Messageries de la Paix ne sont subventionn\u00e9es ni financ\u00e9es par aucune entit\u00e9, d\u00e9pendent enti\u00e8rement de vos dons, nous vous demandons de nous permettre de maintenir cette \u00ab&nbsp;ligne de vie&nbsp;\u00bb avec Gaza.\n<\/p>\n\n\n\n<p>\n  <img loading=\"lazy\" decoding=\"async\" width=\"1024\" height=\"577\" alt=\"\u05de\u05d9\u05d4 \u05d2\u05d5\u05e8\u05df \u05d6&quot;\u05dc \u05d5\u05db\u05e4\u05d9\u05e8 \u05d1\u05d9\u05d1\u05e1 \" src=\"http:\/\/messageriesdelapaix.org\/wp-content\/uploads\/2025\/02\/unnamed-file.jpeg\" class=\"wp-image-1570\" srcset=\"https:\/\/messageriesdelapaix.org\/wp-content\/uploads\/2025\/02\/unnamed-file.jpeg 1024w, https:\/\/messageriesdelapaix.org\/wp-content\/uploads\/2025\/02\/unnamed-file-300x169.jpeg 300w, https:\/\/messageriesdelapaix.org\/wp-content\/uploads\/2025\/02\/unnamed-file-768x433.jpeg 768w\" sizes=\"(max-width: 1024px) 100vw, 1024px\" \/>\n  Gaza, o\u00f9 nous apprenons que l\u2019arm\u00e9e vient de retrouver, au fond d\u2019un tunnel \u00e0 vingt m\u00e8tres de profondeur, le corps de Maya Goren, et de quatre autres otages. Maya \u00e9tait enseignante au kibboutz de Nir Oz, o\u00f9 nous avons nos liens humains. Le matin du 7 octobre, son \u00e9poux Avner a \u00e9t\u00e9 tu\u00e9 dans leur maison, avec leur chien. Maya s\u2019occupait alors du jardin d\u2019enfants. Sur cette photo, on la voit avec Kfir Bibas, 9 mois, qui a \u00e9t\u00e9 enlev\u00e9 avec son fr\u00e8re Ariel, 4 ans, et leurs parents, le m\u00eame matin. On est sans nouvelles d\u2019eux depuis.\n<\/p>\n\n\n\n<p>\n  <img loading=\"lazy\" decoding=\"async\" width=\"640\" height=\"400\" alt=\"C:\\Users\\Utilisateur\\Documents\\LDL-NEWSLETTERS\\LdL 131\\Maya.jpeg\" src=\"http:\/\/messageriesdelapaix.org\/wp-content\/uploads\/2025\/02\/c-users-utilisateur-documents-ldl-newsletters-ldl-6.jpeg\" class=\"wp-image-1571\" srcset=\"https:\/\/messageriesdelapaix.org\/wp-content\/uploads\/2025\/02\/c-users-utilisateur-documents-ldl-newsletters-ldl-6.jpeg 640w, https:\/\/messageriesdelapaix.org\/wp-content\/uploads\/2025\/02\/c-users-utilisateur-documents-ldl-newsletters-ldl-6-300x188.jpeg 300w\" sizes=\"(max-width: 640px) 100vw, 640px\" \/>\n  Nir Oz, petite communaut\u00e9 agricole de quatre cents \u00e2mes, a \u00e9t\u00e9 la plus d\u00e9vast\u00e9e le 7 octobre. Un quart de ses habitants ont \u00e9t\u00e9 tu\u00e9s ou kidnapp\u00e9s. Dont Ha\u00efm Peri, Amiram Cooper, Yoram Metzger, et Alex Dancyg, tous entre 76 et 86 ans, dont on sait qu\u2019ils sont morts en d\u00e9tention dans les tunnels de Gaza.\n<\/p>\n\n\n\n<p>\n  Alex, n\u00e9 \u00e0 Varsovie le 21 juillet 1948, fils de survivants polonais de la Shoah, fermier, et historien comme sa m\u00e8re, enseignait l\u2019Holocauste depuis trente ans. En captivit\u00e9, il partageait ses connaissances avec les autres otages, autant qu\u2019il pouvait.\n<\/p>\n\n\n\n<p><strong>Les deux trag\u00e9dies ne s\u2019excluent pas<\/strong>.\n<\/p>\n\n\n\n<p><a href=\"http:\/\/www.peacelines.org\/nir-oz-c33456525\" target=\"_blank\" rel=\"noopener\">http:\/\/www.peacelines.org\/nir-oz-c33456525<\/a>  <a href=\"http:\/\/www.peacelines.org\/rafah-c33456527\" target=\"_blank\" rel=\"noopener\">http:\/\/www.peacelines.org\/rafah-c33456527<\/a>\n<\/p>\n\n\n\n<p>\n  Avant de penser, un peu, au bonheur, malgr\u00e9 tout, une bonne nouvelle&nbsp;: notre site, peacelines.org, cr\u00e9\u00e9 en 2014, en fran\u00e7ais et en anglais, recevait une trentaine de visiteurs par jour, en moyenne, jusqu\u2019au printemps de cette ann\u00e9e. Nous l\u2019avons transform\u00e9, patiemment, m\u00e9thodiquement, en refuge virtuel, en citadelle d\u2019informations pr\u00e9cises et devenues introuvables.\n<\/p>\n\n\n\n<p>\n  Il compte, <em>depuis un mois<\/em>, entre 200 et 750 visiteurs par jour.\n<\/p>\n\n\n\n<p>\n  A l\u2019heure qu\u2019il est, 4h du matin, ils sont pr\u00e8s de 100 d\u00e9j\u00e0, \u00e0 \u00eatre entr\u00e9s. Le 22 juillet, ils \u00e9taient 630 \u00e0 avoir consult\u00e9 <strong>1010 pages<\/strong>. C\u2019est dire que nous ne sommes pas seuls, et que le <strong>contenu<\/strong> de ce que nous donnons \u00e0 partager est r\u00e9el, et vaut d\u2019\u00eatre connu.\n<\/p>\n\n\n\n<p>\n  Nous ne sommes pas des pacifistes \u00ab&nbsp;b\u00ealants&nbsp;\u00bb. La guerre, nous avons bien compris qu\u2019elle est un moteur central de bien des \u00e9conomies. A notre profonde honte, la France s\u2019est hiss\u00e9e au deuxi\u00e8me rang mondial des marchands d\u2019armes depuis 2022, gr\u00e2ce \u00e0 \u00ab&nbsp;l\u2019Ukraine&nbsp;\u00bb. Entre les Etats-Unis et la Russie. Raison pour laquelle nous n\u2019irons ni \u00e0 Kiev ni \u00e0 Kharkiv. La guerre civile entre Ukrainiens de l\u2019Ouest et ceux de l\u2019Est a \u00e9t\u00e9 instrumentalis\u00e9e par les puissances, pour le plus grand profit de firmes connues, tant aux Etats-Unis qu\u2019en France, en Russie, en Allemagne, en Angleterre. Voir, \u00e0 ce sujet, l\u2019\u00e9tude de l\u2019Institut International de Recherche sur la Paix de Stockholm (SIPRI), qui nous apprend que les membres de l\u2019Union Europ\u00e9enne, sous influence am\u00e9ricaine, ont doubl\u00e9 leurs ventes et achats d\u2019armes entre 2014-2018 et 2019-2023. Un changement de gouvernement, chez les Am\u00e9ricains, pourrait mettre fin \u00e0 ce carnage (100.000 tu\u00e9s, 100.000 bless\u00e9s chez les enr\u00f4l\u00e9s ukrainiens, 180.000 tu\u00e9s, 220.000 bless\u00e9s chez les russes, plus de 30.000 victimes civiles), mais Kennedy avait \u00e9t\u00e9 assassin\u00e9 au moment o\u00f9 il pensait retirer les troupes am\u00e9ricaines du Viet-Nam\u2026\n<\/p>\n\n\n\n<p>\n  Lorsque Herg\u00e9 envoie son petit reporter en Am\u00e9rique du Sud en 1935, il consacre toute une page au trafiquant d\u2019armes Basil Zaharoff, au nom \u00e0 peine d\u00e9guis\u00e9, Basil Bazaroff, qui vend all\u00e8grement ses canons aux deux bellig\u00e9rants. Tel qu\u2019il est croqu\u00e9 par le dessinateur, c\u2019est le portrait crach\u00e9 de l\u2019historique Zaharoff. Alors, le trafic d\u2019armes \u00e9tait d\u00e9sign\u00e9 par son nom&nbsp;: marchands de mort. Depuis l\u2019an 2000, et avant, les marchands de mort se trouvent dans les minist\u00e8res de nos grandes nations civilis\u00e9es. Ils ont pignon sur rue dans les media, et dictent les politiques \u00e9trang\u00e8res\u2026\n<\/p>\n\n\n\n<p>\n  <img loading=\"lazy\" decoding=\"async\" width=\"266\" height=\"242\" alt=\"C:\\Users\\Utilisateur\\Documents\\LDL-NEWSLETTERS\\LdL 131\\Bazarov001.jpg\" src=\"http:\/\/messageriesdelapaix.org\/wp-content\/uploads\/2025\/02\/c-users-utilisateur-documents-ldl-newsletters-ldl-7.jpeg\" class=\"wp-image-1572\">\n  \u00ab&nbsp;Notre toute derni\u00e8re cr\u00e9ation en 2022-2024&nbsp;: le <strong>155<\/strong> C.S.R.&nbsp;: c\u2019est un article de toute premi\u00e8re qualit\u00e9&nbsp;; c\u2019est souple, maniable, robuste et \u00e7a vous envoie \u00e0 plus de <strong>40<\/strong> kilom\u00e8tres un amour de petit obus guid\u00e9\u2026\n<\/p>\n\n\n\n<p>\n  <img loading=\"lazy\" decoding=\"async\" width=\"602\" height=\"337\" alt=\"C:\\Users\\Utilisateur\\Documents\\LDL-NEWSLETTERS\\LdL 131\\Caesar.jpg\" src=\"http:\/\/messageriesdelapaix.org\/wp-content\/uploads\/2025\/02\/c-users-utilisateur-documents-ldl-newsletters-ldl-8.jpeg\" class=\"wp-image-1573\" srcset=\"https:\/\/messageriesdelapaix.org\/wp-content\/uploads\/2025\/02\/c-users-utilisateur-documents-ldl-newsletters-ldl-8.jpeg 602w, https:\/\/messageriesdelapaix.org\/wp-content\/uploads\/2025\/02\/c-users-utilisateur-documents-ldl-newsletters-ldl-8-300x168.jpeg 300w\" sizes=\"(max-width: 602px) 100vw, 602px\" \/>\n  Le 75, c\u2019\u00e9tait en 1935\u2026&nbsp;\u00bb\n<\/p>\n\n\n\n<p>\n  Alors, le bonheur, dans tout \u00e7a&nbsp;? \n<\/p>\n\n\n\n<p>\n  Vous serez peut-\u00eatre surpris d\u2019apprendre qu\u2019il existe un classement mondial des pays heureux (World Happiness Report), et donc des malheureux, comme le montre la carte en page 1. Selon des crit\u00e8res vari\u00e9s et objectifs, \u00e0 <em>vocation universelle<\/em>. Le PIB par habitant, bien s\u00fbr, mais aussi le soutien social dont b\u00e9n\u00e9ficie la population, l\u2019esp\u00e9rance de vie en bonne sant\u00e9, la libert\u00e9 de faire ses choix existentiels, la g\u00e9n\u00e9rosit\u00e9 g\u00e9n\u00e9rale, l\u2019engagement citoyen, l\u2019acc\u00e8s \u00e0 l\u2019\u00e9ducation, l\u2019acc\u00e8s au logement et \u00e0 une nourriture adapt\u00e9e, la sensation de s\u00e9curit\u00e9 au quotidien, la qualit\u00e9 des transports, les degr\u00e9s de corruption constat\u00e9s\u2026 Sans myst\u00e8re, sans doute, sont en t\u00eate la Finlande, le Danemark, et l\u2019Islande, pour les ann\u00e9es 2021-2023. Les pays des gens heureux.\n<\/p>\n\n\n\n<p>\n  Juste apr\u00e8s venaient la Su\u00e8de et\u2026 Isra\u00ebl.\n<\/p>\n\n\n\n<p>\n  A l\u2019autre p\u00f4le, dernier de la liste de 143 pays, l\u2019Afghanistan, pr\u00e9c\u00e9d\u00e9 par le Liban du Hezbollah. Le Yemen des Houthis est en 133<sup>\u00e8me<\/sup> position. L\u2019Egypte, 127<sup>\u00e8me&nbsp;<\/sup>; la Jordanie, 125<sup>\u00e8me&nbsp;<\/sup>; l\u2019Ukraine, 105<sup>\u00e8me&nbsp;<\/sup>; la Palestine, 103<sup>\u00e8me&nbsp;<\/sup>; l\u2019Iran, 100<sup>\u00e8me<\/sup>. \n<\/p>\n\n\n\n<p>\n  La Russie est au 72<sup>\u00e8me<\/sup> rang&nbsp;; la Chine, 60<sup>\u00e8me&nbsp;<\/sup>; la France, 27<sup>\u00e8me&nbsp;<\/sup>; l\u2019Allemagne, 24<sup>\u00e8me&nbsp;<\/sup>; les Etats-Unis, 23<sup>\u00e8me&nbsp;<\/sup>; le Royaume Uni, 20<sup>\u00e8me&nbsp;<\/sup>; l\u2019Irlande, 17<sup>\u00e8me&nbsp;<\/sup>; la Suisse, 9<sup>\u00e8me<\/sup>.\n<\/p>\n\n\n\n<p>\n  Le foss\u00e9 entre les blocs saute aux yeux&nbsp;: deux modes de vie que tout oppose ou presque, le bloc Iran\/Liban\/Afghanistan d\u2019une part. Le bloc Su\u00e8de\/Suisse\/Costa Rica de l\u2019autre. Costa Rica, il faut le rappeler, pays qui a aboli la peine de mort d\u00e8s 1882, et supprim\u00e9 constitutionnellement son arm\u00e9e en 1948. Pour 2024, le Costa Rica est en premi\u00e8re place du Happy Planet Index, l\u2019autre m\u00e9thode de classement des pays heureux, qui tient compte de l\u2019empreinte \u00e9cologique.\n<\/p>\n\n\n\n<p>\n  Pour cet autre Index du Bonheur, la Suisse est 4<sup>\u00e8me&nbsp;<\/sup>; le Royaume Uni, 14<sup>\u00e8me&nbsp;<\/sup>; l\u2019Allemagne, 29<sup>\u00e8me&nbsp;<\/sup>; la France 31<sup>\u00e8me&nbsp;<\/sup>; l\u2019Irlande, 35<sup>\u00e8me&nbsp;<\/sup>; le Y\u00e9men, 75<sup>\u00e8me&nbsp;<\/sup>; la Jordanie, 80<sup>\u00e8me&nbsp;<\/sup>; l\u2019Iran, 82<sup>\u00e8me&nbsp;<\/sup>; l\u2019Ukraine, 101<sup>\u00e8me&nbsp;<\/sup>; le Liban, 112<sup>\u00e8me&nbsp;<\/sup>; la Russie, 126<sup>\u00e8me&nbsp;<\/sup>; l\u2019Afghanistan, 141<sup>\u00e8me<\/sup>.\n<\/p>\n\n\n\n<p>\n  Mais il est tard, 5 h du matin\u2026 Pr\u00e8s de vingt visiteurs en une heure, dans la nuit.\n  <br>\n  Le bonheur, c\u2019est aussi, ayant fait ce que dois, de prendre un peu de repos.\n<\/p>\n\n\n\n<p>\n  Le fatalisme, l\u2019horrible fatalisme, ce serait de baisser les bras, se r\u00e9signer, et laisser aller.\n<\/p>\n\n\n\n<p>\n  A rebours, le bonheur, c\u2019est de prendre sa part, dans le sort commun, sans d\u00e9semparer.\n<\/p>\n\n\n\n<p>\n  On nous demande parfois comment sont n\u00e9es nos Messageries.\n<\/p>\n\n\n\n<p>\n  Cela part toujours d\u2019une personne, puis de deux. D\u2019un carnet d\u2019adresses.\n<\/p>\n\n\n\n<p>\n  D\u2019une urgence v\u00e9cue comme absolue. Je ne <em>peux pas<\/em> laisser passer \u00e7a.\n<\/p>\n\n\n\n<p>\n  Apprivoiser la peur profonde, sortir du confinement int\u00e9rieur, de l\u2019insidieuse routine, et de son d\u00e9sespoir muet, sans paroles \u2013 une absence totale d\u2019espoir en fait (ce serait toujours la m\u00eame chose, ad vitam eternam, le m\u00eame vide).\n<\/p>\n\n\n\n<p>\n  Qu\u2019\u00e0 la fin des fins, on puisse se dire, sans tricher&nbsp;: on aura essay\u00e9. De rendre tout le bazar meilleur qu\u2019il n\u2019\u00e9tait, de laisser l\u2019Endroit plus propre que nous ne l\u2019avons trouv\u00e9. Plus beau.\n<\/p>\n\n\n\n<p>\n  Il y en a qui r\u00eavent d\u2019\u00e9oliennes-pompes \u00e0 fric, pour manier des sommes, saliver \u00e0 l\u2019id\u00e9e du profit. Il en est d\u2019autres qui plantent des arbres. Des arbres rares.\n<\/p>\n\n\n\n<p>\n  Confront\u00e9s \u00e0 l\u2019horreur incroyable d\u2019un si\u00e8ge d\u2019un autre \u00e2ge aux portes de <em>notre royaume<\/em>,  l\u2019\u00e9t\u00e9 93, nous avons \u00e9t\u00e9 quelques dizaines, venus de Gr\u00e8ce, d\u2019Italie, d\u2019Espagne, de France, de Su\u00e8de, d\u2019Am\u00e9rique\u2026 \u00e0 d\u00e9cider d\u2019y aller. Tels que nous \u00e9tions, sans cartes, sans t\u00e9l\u00e9phones portables alors, sans gilets pare-balles ni blindages \u00e0 nos v\u00e9hicules. \n<\/p>\n\n\n\n<p>\n  De toutes fa\u00e7ons, on voyait bien notre monde se fracturer, sous nos yeux.\n<\/p>\n\n\n\n<p>\n  Si l\u2019on consid\u00e8re que l\u2019\u00e9picentre <em>g\u00e9ographique<\/em> de l\u2019Europe est en Suisse, entre Zurich et Davos, Sarajevo n\u2019est qu\u2019\u00e0 <strong>745 km<\/strong> de Davos \u00e0 vol d\u2019oiseau. [Les Suisses, assez fins pour ne pas se laisser entra\u00eener dans les guerres mondiales, ni dans l\u2019Union Europ\u00e9enne]. Pour nous, c\u2019\u00e9tait de l\u2019ordre de 1.800 km. Nous \u00e9tions deux, au d\u00e9part, dans une petite AX Citro\u00ebn bourr\u00e9e de vivres, de livres.\n<\/p>\n\n\n\n<p>\n  La suite se trouve, en partie, sur notre site&nbsp;: \n<\/p>\n\n\n\n<p><a href=\"http:\/\/www.peacelines.org\/bosnie-1993-1996-c24712792\" target=\"_blank\" rel=\"noopener\">http:\/\/www.peacelines.org\/bosnie-1993-1996-c24712792<\/a>\n<\/p>\n\n\n\n<p><a href=\"http:\/\/www.peacelines.org\/bosnia-1993-1996-c24711616\" target=\"_blank\" rel=\"noopener\">http:\/\/www.peacelines.org\/bosnia-1993-1996-c24711616<\/a> [plus complet en anglais, plus de photos]\n<\/p>\n\n\n\n<p>\n  L\u2019essentiel \u00e9tant que l\u2019OTAN am\u00e9ricaine voulait bombarder la ceinture de Sarajevo, et que la pr\u00e9sence d\u2019une soixantaine de civils de toutes origines l\u2019en a emp\u00each\u00e9. Alors, la guerre s\u2019est arr\u00eat\u00e9e \u00e0 Sarajevo, pour la premi\u00e8re fois depuis quinze mois, au deuxi\u00e8me jour de notre pr\u00e9sence dans la capitale, les gens, incr\u00e9dules, ressortaient de leurs abris, sous le soleil de l\u2019\u00e9t\u00e9.\n<\/p>\n\n\n\n<p>\n  [L\u2019OTAN, organisation politico-militaire cr\u00e9\u00e9e en 1949 sous l\u2019\u00e9gide de Washington&nbsp;; son \u00e9quivalent sovi\u00e9tique, le Pacte de Varsovie, ne sera fond\u00e9 qu\u2019en 1955, pour faire pi\u00e8ce au dispositif am\u00e9ricain, install\u00e9 dans toute l\u2019Europe de l\u2019Ouest \u2013 sauf la France souveraine, qui s\u2019en d\u00e9fait, sous la pr\u00e9sidence du g\u00e9n\u00e9ral de Gaulle, en 1966 \u2013 avant que M. Sarkozy d\u00e9cide de r\u00e9int\u00e9grer l\u2019Alliance, en 2008; le Pacte de Varsovie sera dissous en juillet <strong>1991<\/strong>, suite \u00e0 la chute du Mur de Berlin. On se demande bien pourquoi, du coup, l\u2019OTAN perdure. Nous, ce que nous craignions, l\u2019\u00e9t\u00e9 93, c\u2019\u00e9taient les bombes US]\n<\/p>\n\n\n\n<p>\n  Une poign\u00e9e de \u00ab&nbsp;pacifistes&nbsp;\u00bb faisait donc obstacle \u00e0 une ing\u00e9rence militaire am\u00e9ricaine en Europe [D\u00e9mocrates au pouvoir, sous Bill Clinton], et les tirs de mortiers, de snipers, cessaient \u00e0 Sarajevo.\n<\/p>\n\n\n\n<p>\n  Tous b\u00e9n\u00e9voles, nous n\u2019allions pas rester en Bosnie. La guerre allait reprendre apr\u00e8s notre d\u00e9part, et les Am\u00e9ricains finiraient par s\u2019infiltrer en ex-Yougoslavie, l\u2019\u00e9t\u00e9 1995, op\u00e9rant avec les Croates les bombardements dont ils r\u00eavaient en 1993, aboutissant au seul \u00ab&nbsp;nettoyage ethnique&nbsp;\u00bb qui eut vraiment lieu en Bosnie&nbsp;: l\u2019\u00e9vacuation de la quasi-totalit\u00e9 des habitants de la Krajina (300.000), tous Serbes, au seul profit des Croates. \n<\/p>\n\n\n\n<p>\n  [Les Am\u00e9ricains et l\u2019OTAN allaient aussi proc\u00e9der aux bombardements massifs sur Belgrade et la Serbie en 1999, conduisant \u00e0 l\u2019autre \u00ab&nbsp;nettoyage ethnique&nbsp;\u00bb en ex-Yougoslavie, avec l\u2019exode de presque tous les Serbes de la capitale du Kosovo, Prishtina, entre 2000 et 2004.]\n<\/p>\n\n\n\n<p>\n  Pardon pour cette parenth\u00e8se et ses pr\u00e9cisions \u00e0 contre-courant des infos diffus\u00e9es par les media dominants \u00e0 la fin du si\u00e8cle dernier, o\u00f9 il n\u2019\u00e9tait question que des Bons-Bosniaques, les seules victimes reconnues, encens\u00e9es.\n<\/p>\n\n\n\n<p>\n  Ce que le <em>travail de terrain<\/em> nous apprend&nbsp;: d\u00e9couvrir la r\u00e9alit\u00e9 sans fards, telle que les media ne la vendent pas. On le sait assez&nbsp;: les media sont massivement aux ordres de groupes financiers puissants, lesquels ont partie li\u00e9e avec l\u2019industrie de guerre et les politiques qui s\u2019en inspirent. Dans cette optique, aucun besoin de donner \u00e0 comprendre une <em>g\u00e9n\u00e9alogie<\/em> des conflits. Un gloubi-boulga binaire et r\u00e9ducteur, farci \u00e0 la <em>moraline<\/em> de western (les Bons, les M\u00e9chants) suffit, pour occuper les esprits d\u00e9sinform\u00e9s.\n<\/p>\n\n\n\n<p>\n  Sur la Route Diamant, qui reliait le port de Split \u00e0 Sarajevo, nous avons enfin ouvert les yeux. Au retour, un entretien avec le sous-pr\u00e9fet local \u2013 revenus d\u2019un tel enfer, il fallait rencontrer des responsables, de l\u2019Etat, des communaut\u00e9s \u2013 allait mener \u00e0 la cr\u00e9ation d\u2019une association de type Loi de 1901, sur son conseil avis\u00e9. \u00ab&nbsp;Cela va vous demander du travail, on n\u2019a rien sans rien&nbsp;\u00bb.\n<\/p>\n\n\n\n<p>\n  Ainsi sont n\u00e9es les Messageries de la Paix,&nbsp;\u00e0 l\u2019automne 1993, baptis\u00e9es en anglais, pour l\u2019international, Peace Lines.\n<\/p>\n\n\n\n<p>\n  Nous ignorions que la formule \u00ab&nbsp;Peace Lines&nbsp;\u00bb d\u00e9signait, depuis 1969, de hauts murs \u00e9rig\u00e9s en Irlande du Nord, pour s\u00e9parer les deux communaut\u00e9s (catholiques et protestants), qui se sont affront\u00e9es par tous les moyens (allant des \u00e9meutes, et du terrorisme, \u00e0 la r\u00e9pression), de la fin des ann\u00e9es 60 aux \u00ab&nbsp;accords du Vendredi Saint&nbsp;\u00bb en 1998, qui marqu\u00e8rent la fin des \u00ab&nbsp;Troubles&nbsp;\u00bb.\n<\/p>\n\n\n\n<p>\n  La fonction de ces murs est d\u2019apaiser les tensions, en emp\u00eachant les violences entre voisins.\n<\/p>\n\n\n\n<p><strong>Retour de Belfast<\/strong> (10-12 juillet 2024).\n<\/p>\n\n\n\n<p>\n  La bonne nouvelle de cette Irlande du Nord ignor\u00e9e de presque tous (l\u00e0 encore, les media dominants, en France et ailleurs, ont mis la r\u00e9alit\u00e9 sous le tapis \u2013 le sujet n\u2019\u00e9tait pas \u00ab&nbsp;vendeur&nbsp;\u00bb, para\u00eet-il) est que les conflits les plus enracin\u00e9s (voir <em>The Boxer<\/em>, film&nbsp;de Jim Sheridan, 1997; r\u00e9\u00e9couter <em>War<\/em>, l\u2019album embl\u00e9matique de U2 en 1983) finissent tous, \u00e0 la longue.\n<\/p>\n\n\n\n<p>\n  Paradoxalement, on rencontre <em>moins de sectarisme<\/em> \u00e0 Belfast en juillet 2024 qu\u2019en France au moment des l\u00e9gislatives\u2026 Tirer nos le\u00e7ons des gens d\u2019Irlande du Nord. Les manifestations des Loyalistes de Belfast, lors de leur f\u00eate des Bonfires, \u00e9taient bon-enfant. Dans la libre joie populaire et les feux d\u2019artifice festifs. Quand bien m\u00eame c\u2019est le drapeau palestinien qu\u2019ils ont br\u00fbl\u00e9, avec le drapeau irlandais, dans Victoria Street le 11 au soir.\n<\/p>\n\n\n\n<p>\n  De fait, nombre de nationalistes r\u00e9publicains irlandais, catholiques, \u00e0 Belfast Ouest soutiennent la cause \n  <img loading=\"lazy\" decoding=\"async\" width=\"250\" height=\"333\" alt=\"C:\\Users\\Utilisateur\\Documents\\ALBION &amp; EIRE\\EIRE\\IMG_20240712_000525 (1) - Copie.jpg\" src=\"http:\/\/messageriesdelapaix.org\/wp-content\/uploads\/2025\/02\/c-users-utilisateur-documents-albion-and-eire-eire-.jpeg\" class=\"wp-image-1574\" srcset=\"https:\/\/messageriesdelapaix.org\/wp-content\/uploads\/2025\/02\/c-users-utilisateur-documents-albion-and-eire-eire-.jpeg 250w, https:\/\/messageriesdelapaix.org\/wp-content\/uploads\/2025\/02\/c-users-utilisateur-documents-albion-and-eire-eire--225x300.jpeg 225w\" sizes=\"(max-width: 250px) 100vw, 250px\" \/>\n  <img loading=\"lazy\" decoding=\"async\" width=\"200\" height=\"266\" alt=\"C:\\Users\\Utilisateur\\Documents\\ALBION &amp; EIRE\\EIRE\\IMG_20240711_233054 - Copie.jpg\" src=\"http:\/\/messageriesdelapaix.org\/wp-content\/uploads\/2025\/02\/c-users-utilisateur-documents-albion-and-eire-eire-1-1.jpeg\" class=\"wp-image-1575\">\n  <img loading=\"lazy\" decoding=\"async\" width=\"230\" height=\"306\" alt=\"C:\\Users\\Utilisateur\\Documents\\ALBION &amp; EIRE\\EIRE\\CIMG2506.JPG\" src=\"http:\/\/messageriesdelapaix.org\/wp-content\/uploads\/2025\/02\/c-users-utilisateur-documents-albion-and-eire-eire-1-2.jpeg\" class=\"wp-image-1576\" srcset=\"https:\/\/messageriesdelapaix.org\/wp-content\/uploads\/2025\/02\/c-users-utilisateur-documents-albion-and-eire-eire-1-2.jpeg 230w, https:\/\/messageriesdelapaix.org\/wp-content\/uploads\/2025\/02\/c-users-utilisateur-documents-albion-and-eire-eire-1-2-225x300.jpeg 225w\" sizes=\"(max-width: 230px) 100vw, 230px\" \/>\n  palestinienne exclusive, quand leurs voisins protestants, loyaux au Royaume Uni, \u00e0 Belfast Est, d\u00e9fendent Isra\u00ebl.\n<\/p>\n\n\n\n<p>\n  Notre besoin, toujours, c\u2019est d\u2019y voir clair, <em>sans exclusives<\/em>. A travers tout le \u00ab&nbsp;brouillard de guerre&nbsp;\u00bb que propagent les multiples propagandes des industries de guerre en continu, garder notre libre arbitre, notre simple, humaine lucidit\u00e9. D\u2019abord comprendre, \u00e0 travers les lignes, et entendre. Ne nous faisons pas plus sourds que nous ne sommes. Rester humains. Ensuite, agir, dans la mesure modeste de nos moyens.\n<\/p>\n\n\n\n<p>\n  Bien au-del\u00e0 du lieu commun, nous sommes <em>tous<\/em> dans le m\u00eame paquebot. Belfast, c\u2019est aussi le chantier naval o\u00f9 a \u00e9t\u00e9 construit le Titanic. De la soute et de la salle des machines au cockpit de pilotage et au nid-de-pie des veilleurs, en passant par les cabines des m\u00e9caniciens, des lampistes, des matelots, des quartiers-ma\u00eetres, des passagers, la d\u00e9rive des icebergs ne fait pas de diff\u00e9rence entre les uns et les autres.\n<\/p>\n\n\n\n<p>\n  Nous n\u2019oublions pas que le premier veilleur qui a constat\u00e9 l\u2019iceberg fatidique, la nuit du 14 au 15 avril 1912, Frederick Fleet, en l\u2019absence de radars alors, ne disposait pas de jumelles dans son nid-de-pie.\n<\/p>\n\n\n\n<p>\n  Si la formule des Lumi\u00e8res, d\u00e8s 1784, reste la n\u00f4tre&nbsp;: <em>Sapere Aude<\/em>, <strong>Ose Savoir<\/strong>, encore faut-il se donner les moyens du savoir, et du partage de la compr\u00e9hension.\n<\/p>\n\n\n\n<p><strong>Dans moins de deux mois<\/strong>, il nous faut retourner aux portes de Gaza, en Isra\u00ebl \u2013 \u00ab&nbsp;Notre t\u00e2che est de trouver les quelques formules qui apaiseront l\u2019angoisse infinie des \u00e2mes libres. Nous avons \u00e0 recoudre ce qui est d\u00e9chir\u00e9, \u00e0 rendre la justice imaginable dans un monde si \u00e9videmment injuste, le bonheur significatif pour des peuples empoisonn\u00e9s par les malheurs du si\u00e8cle.&nbsp;\u00bb           <em>Camus, L\u2019\u00e9t\u00e9<\/em>\n<\/p>\n\n\n\n<p><em>Merci pour votre \u00e9coute, votre soutien.<\/em>\n<\/p>\n","protected":false},"excerpt":{"rendered":"<p>\u00ab&nbsp;Peace Lines&nbsp;\u00bb en Irlande 34 km de murs de 8 m\u00e8tres pour s\u00e9parer les uns des autres PEACE LINES MESSAGERIES DE LA PAIX www.peacelines.org peacelines@gmail.com Alex Dancyg, 1948-2024 Lettre de Liaison n\u00b0131 22 juillet 2024 Et si on pensait au bonheur, un peu. Au bonheur, malgr\u00e9 tout. Malgr\u00e9 tout&nbsp;: nous apprenons, ce 22 juillet, la [&hellip;]<\/p>\n","protected":false},"author":2,"featured_media":0,"comment_status":"open","ping_status":"open","sticky":false,"template":"","format":"standard","meta":{"footnotes":""},"categories":[1],"tags":[],"class_list":["post-1566","post","type-post","status-publish","format-standard","hentry","category-non-classe"],"_links":{"self":[{"href":"https:\/\/messageriesdelapaix.org\/index.php\/wp-json\/wp\/v2\/posts\/1566","targetHints":{"allow":["GET"]}}],"collection":[{"href":"https:\/\/messageriesdelapaix.org\/index.php\/wp-json\/wp\/v2\/posts"}],"about":[{"href":"https:\/\/messageriesdelapaix.org\/index.php\/wp-json\/wp\/v2\/types\/post"}],"author":[{"embeddable":true,"href":"https:\/\/messageriesdelapaix.org\/index.php\/wp-json\/wp\/v2\/users\/2"}],"replies":[{"embeddable":true,"href":"https:\/\/messageriesdelapaix.org\/index.php\/wp-json\/wp\/v2\/comments?post=1566"}],"version-history":[{"count":1,"href":"https:\/\/messageriesdelapaix.org\/index.php\/wp-json\/wp\/v2\/posts\/1566\/revisions"}],"predecessor-version":[{"id":1577,"href":"https:\/\/messageriesdelapaix.org\/index.php\/wp-json\/wp\/v2\/posts\/1566\/revisions\/1577"}],"wp:attachment":[{"href":"https:\/\/messageriesdelapaix.org\/index.php\/wp-json\/wp\/v2\/media?parent=1566"}],"wp:term":[{"taxonomy":"category","embeddable":true,"href":"https:\/\/messageriesdelapaix.org\/index.php\/wp-json\/wp\/v2\/categories?post=1566"},{"taxonomy":"post_tag","embeddable":true,"href":"https:\/\/messageriesdelapaix.org\/index.php\/wp-json\/wp\/v2\/tags?post=1566"}],"curies":[{"name":"wp","href":"https:\/\/api.w.org\/{rel}","templated":true}]}}